{"id":26228,"date":"2025-10-07T10:45:41","date_gmt":"2025-10-07T08:45:41","guid":{"rendered":"https:\/\/www.xylon.it\/2025\/10\/07\/60-anni-per-santalucia-mobili\/"},"modified":"2025-12-09T16:48:51","modified_gmt":"2025-12-09T15:48:51","slug":"60-anni-per-santalucia-mobili","status":"publish","type":"post","link":"https:\/\/www.xylon.it\/it\/2025\/10\/07\/60-anni-per-santalucia-mobili\/","title":{"rendered":"60 anni per Santalucia Mobili"},"content":{"rendered":"<p><strong>Santalucia Mobili<\/strong>, storica azienda friulana specializzata nella produzione di mobili per il living, la zona notte e complementi d&#8217;arredo, ha celebrato il proprio <strong>60\u00b0 anniversario<\/strong> di attivit\u00e0 con un evento speciale al Centro dei Magredi Poldini di San Quirino. L&#8217;incontro ha visto la partecipazione di soci, dipendenti, principali fornitori, nonch\u00e9 delle autorit\u00e0 locali e industriali.<\/p>\n<p>La storia dell&#8217;azienda \u00e8 un viaggio che inizia nel 1965, quando sette giovani falegnami si unirono per fondare il mobilificio Santalucia. Partita come un laboratorio artigianale, l&#8217;azienda ha saputo crescere, mantenendo viva la passione per l&#8217;arredo e il design. Un momento chiave di questa crescita \u00e8 stato nel 1993, con la nascita della prima collezione di armadiature componibili.<br \/>\nOltre a celebrare i 60 anni di attivit\u00e0, l\u2019azienda ha annunciato di essere diventata una Societ\u00e0 Benefit. &#8220;<em>Questo passaggio rappresenta un impegno concreto per un modello di business che integra la performance economica con l\u2019obiettivo di generare un impatto positivo sulla societ\u00e0 e sull\u2019ambiente. Con questa scelta, Santalucia Mobili consolida il suo impegno verso la sostenibilit\u00e0 e l\u2019etica aziendale, mettendo al centro il benessere delle persone e la cura dell&#8217;ambiente<\/em>&#8220;, ha spiegato l&#8217;azienda nel comunicato stampa rilasciato in occasione dell&#8217;anniversario.<\/p>\n<p>\u201c<em>Questi 60 anni sono un capitolo straordinario della nostra storia, ma per noi rappresentano anche il punto di partenza di un nuovo viaggio<\/em>\u201d, commenta <strong>Jacopo Galli<\/strong>, ceo di Santalucia Mobili. \u201c<em>Essere una Societ\u00e0 Benefit \u00e8 un passo che ci permette di guardare al futuro con una visione rinnovata, in cui l&#8217;innovazione e il rispetto per l\u2019ambiente si integrano con il nostro impegno verso i clienti e la comunit\u00e0. \u00c8 un traguardo che ci rende orgogliosi, ma \u00e8 anche un impegno che ci spinge a fare sempre di pi\u00f9<\/em>\u201d.<\/p>\n","protected":false},"excerpt":{"rendered":"<p>Santalucia Mobili, storica azienda friulana specializzata nella produzione di mobili per il living, la zona notte e complementi d&#8217;arredo, ha celebrato il proprio 60\u00b0 anniversario di attivit\u00e0 con un evento [&hellip;]<\/p>\n","protected":false},"author":5,"featured_media":26234,"comment_status":"closed","ping_status":"open","sticky":false,"template":"","format":"standard","meta":{"_acf_changed":false,"footnotes":""},"categories":[1],"tags":[],"class_list":["post-26228","post","type-post","status-publish","format-standard","has-post-thumbnail","hentry","category-notizie"],"acf":[],"yoast_head":"<!-- This site is optimized with the Yoast SEO plugin v27.2 - https:\/\/yoast.com\/product\/yoast-seo-wordpress\/ -->\n<title>60 anni per Santalucia Mobili - Xylon.it quotidiano online<\/title>\n<meta name=\"robots\" content=\"index, follow, max-snippet:-1, max-image-preview:large, max-video-preview:-1\" \/>\n<link rel=\"canonical\" href=\"https:\/\/www.xylon.it\/it\/2025\/10\/07\/60-anni-per-santalucia-mobili\/\" \/>\n<meta property=\"og:locale\" content=\"it_IT\" \/>\n<meta property=\"og:type\" content=\"article\" \/>\n<meta property=\"og:title\" content=\"60 anni per Santalucia Mobili - Xylon.it quotidiano online\" \/>\n<meta property=\"og:description\" content=\"Santalucia Mobili, storica azienda friulana specializzata nella produzione di mobili per il living, la zona notte e complementi d&#8217;arredo, ha celebrato il proprio 60\u00b0 anniversario di attivit\u00e0 con un evento [&hellip;]\" \/>\n<meta property=\"og:url\" content=\"https:\/\/www.xylon.it\/it\/2025\/10\/07\/60-anni-per-santalucia-mobili\/\" \/>\n<meta property=\"og:site_name\" content=\"Xylon.it quotidiano online\" \/>\n<meta property=\"article:publisher\" content=\"https:\/\/www.facebook.com\/XylonInternational\" \/>\n<meta property=\"article:published_time\" content=\"2025-10-07T08:45:41+00:00\" \/>\n<meta property=\"article:modified_time\" content=\"2025-12-09T15:48:51+00:00\" \/>\n<meta property=\"og:image\" content=\"https:\/\/www.xylon.it\/wp-content\/uploads\/2025\/10\/Sede-SLM.jpg\" \/>\n\t<meta property=\"og:image:width\" content=\"2160\" \/>\n\t<meta property=\"og:image:height\" content=\"1588\" \/>\n\t<meta property=\"og:image:type\" content=\"image\/jpeg\" \/>\n<meta name=\"author\" content=\"Francesco Inverso\" \/>\n<meta name=\"twitter:card\" content=\"summary_large_image\" \/>\n<meta name=\"twitter:label1\" content=\"Scritto da\" \/>\n\t<meta name=\"twitter:data1\" content=\"Francesco Inverso\" \/>\n\t<meta name=\"twitter:label2\" content=\"Tempo di lettura stimato\" \/>\n\t<meta name=\"twitter:data2\" content=\"1 minuto\" \/>\n<script type=\"application\/ld+json\" class=\"yoast-schema-graph\">{\"@context\":\"https:\/\/schema.org\",\"@graph\":[{\"@type\":\"Article\",\"@id\":\"https:\/\/www.xylon.it\/it\/2025\/10\/07\/60-anni-per-santalucia-mobili\/#article\",\"isPartOf\":{\"@id\":\"https:\/\/www.xylon.it\/it\/2025\/10\/07\/60-anni-per-santalucia-mobili\/\"},\"author\":{\"name\":\"Francesco Inverso\",\"@id\":\"https:\/\/www.xylon.it\/it\/#\/schema\/person\/010edc1b8281c3668b2f0d8aa19fb2ec\"},\"headline\":\"60 anni per Santalucia Mobili\",\"datePublished\":\"2025-10-07T08:45:41+00:00\",\"dateModified\":\"2025-12-09T15:48:51+00:00\",\"mainEntityOfPage\":{\"@id\":\"https:\/\/www.xylon.it\/it\/2025\/10\/07\/60-anni-per-santalucia-mobili\/\"},\"wordCount\":289,\"publisher\":{\"@id\":\"https:\/\/www.xylon.it\/it\/#organization\"},\"image\":{\"@id\":\"https:\/\/www.xylon.it\/it\/2025\/10\/07\/60-anni-per-santalucia-mobili\/#primaryimage\"},\"thumbnailUrl\":\"https:\/\/www.xylon.it\/wp-content\/uploads\/2025\/10\/Sede-SLM.jpg\",\"articleSection\":[\"Notizie\"],\"inLanguage\":\"it-IT\"},{\"@type\":\"WebPage\",\"@id\":\"https:\/\/www.xylon.it\/it\/2025\/10\/07\/60-anni-per-santalucia-mobili\/\",\"url\":\"https:\/\/www.xylon.it\/it\/2025\/10\/07\/60-anni-per-santalucia-mobili\/\",\"name\":\"60 anni per Santalucia Mobili - Xylon.it quotidiano online\",\"isPartOf\":{\"@id\":\"https:\/\/www.xylon.it\/it\/#website\"},\"primaryImageOfPage\":{\"@id\":\"https:\/\/www.xylon.it\/it\/2025\/10\/07\/60-anni-per-santalucia-mobili\/#primaryimage\"},\"image\":{\"@id\":\"https:\/\/www.xylon.it\/it\/2025\/10\/07\/60-anni-per-santalucia-mobili\/#primaryimage\"},\"thumbnailUrl\":\"https:\/\/www.xylon.it\/wp-content\/uploads\/2025\/10\/Sede-SLM.jpg\",\"datePublished\":\"2025-10-07T08:45:41+00:00\",\"dateModified\":\"2025-12-09T15:48:51+00:00\",\"breadcrumb\":{\"@id\":\"https:\/\/www.xylon.it\/it\/2025\/10\/07\/60-anni-per-santalucia-mobili\/#breadcrumb\"},\"inLanguage\":\"it-IT\",\"potentialAction\":[{\"@type\":\"ReadAction\",\"target\":[\"https:\/\/www.xylon.it\/it\/2025\/10\/07\/60-anni-per-santalucia-mobili\/\"]}]},{\"@type\":\"ImageObject\",\"inLanguage\":\"it-IT\",\"@id\":\"https:\/\/www.xylon.it\/it\/2025\/10\/07\/60-anni-per-santalucia-mobili\/#primaryimage\",\"url\":\"https:\/\/www.xylon.it\/wp-content\/uploads\/2025\/10\/Sede-SLM.jpg\",\"contentUrl\":\"https:\/\/www.xylon.it\/wp-content\/uploads\/2025\/10\/Sede-SLM.jpg\",\"width\":2160,\"height\":1588},{\"@type\":\"BreadcrumbList\",\"@id\":\"https:\/\/www.xylon.it\/it\/2025\/10\/07\/60-anni-per-santalucia-mobili\/#breadcrumb\",\"itemListElement\":[{\"@type\":\"ListItem\",\"position\":1,\"name\":\"Home\",\"item\":\"https:\/\/www.xylon.it\/it\/\"},{\"@type\":\"ListItem\",\"position\":2,\"name\":\"60 anni per Santalucia Mobili\"}]},{\"@type\":\"WebSite\",\"@id\":\"https:\/\/www.xylon.it\/it\/#website\",\"url\":\"https:\/\/www.xylon.it\/it\/\",\"name\":\"Xylon.it quotidiano online\",\"description\":\"Il quotidiano online del settore\",\"publisher\":{\"@id\":\"https:\/\/www.xylon.it\/it\/#organization\"},\"potentialAction\":[{\"@type\":\"SearchAction\",\"target\":{\"@type\":\"EntryPoint\",\"urlTemplate\":\"https:\/\/www.xylon.it\/it\/?s={search_term_string}\"},\"query-input\":{\"@type\":\"PropertyValueSpecification\",\"valueRequired\":true,\"valueName\":\"search_term_string\"}}],\"inLanguage\":\"it-IT\"},{\"@type\":\"Organization\",\"@id\":\"https:\/\/www.xylon.it\/it\/#organization\",\"name\":\"Xylon.it quotidiano online\",\"url\":\"https:\/\/www.xylon.it\/it\/\",\"logo\":{\"@type\":\"ImageObject\",\"inLanguage\":\"it-IT\",\"@id\":\"https:\/\/www.xylon.it\/it\/#\/schema\/logo\/image\/\",\"url\":\"\",\"contentUrl\":\"\",\"caption\":\"Xylon.it quotidiano online\"},\"image\":{\"@id\":\"https:\/\/www.xylon.it\/it\/#\/schema\/logo\/image\/\"},\"sameAs\":[\"https:\/\/www.facebook.com\/XylonInternational\"]},{\"@type\":\"Person\",\"@id\":\"https:\/\/www.xylon.it\/it\/#\/schema\/person\/010edc1b8281c3668b2f0d8aa19fb2ec\",\"name\":\"Francesco Inverso\",\"url\":\"https:\/\/www.xylon.it\/it\/author\/francesco\/\"}]}<\/script>\n<!-- \/ Yoast SEO plugin. -->","yoast_head_json":{"title":"60 anni per Santalucia Mobili - Xylon.it quotidiano online","robots":{"index":"index","follow":"follow","max-snippet":"max-snippet:-1","max-image-preview":"max-image-preview:large","max-video-preview":"max-video-preview:-1"},"canonical":"https:\/\/www.xylon.it\/it\/2025\/10\/07\/60-anni-per-santalucia-mobili\/","og_locale":"it_IT","og_type":"article","og_title":"60 anni per Santalucia Mobili - Xylon.it quotidiano online","og_description":"Santalucia Mobili, storica azienda friulana specializzata nella produzione di mobili per il living, la zona notte e complementi d&#8217;arredo, ha celebrato il proprio 60\u00b0 anniversario di attivit\u00e0 con un evento [&hellip;]","og_url":"https:\/\/www.xylon.it\/it\/2025\/10\/07\/60-anni-per-santalucia-mobili\/","og_site_name":"Xylon.it quotidiano online","article_publisher":"https:\/\/www.facebook.com\/XylonInternational","article_published_time":"2025-10-07T08:45:41+00:00","article_modified_time":"2025-12-09T15:48:51+00:00","og_image":[{"width":2160,"height":1588,"url":"https:\/\/www.xylon.it\/wp-content\/uploads\/2025\/10\/Sede-SLM.jpg","type":"image\/jpeg"}],"author":"Francesco Inverso","twitter_card":"summary_large_image","twitter_misc":{"Scritto da":"Francesco Inverso","Tempo di lettura stimato":"1 minuto"},"schema":{"@context":"https:\/\/schema.org","@graph":[{"@type":"Article","@id":"https:\/\/www.xylon.it\/it\/2025\/10\/07\/60-anni-per-santalucia-mobili\/#article","isPartOf":{"@id":"https:\/\/www.xylon.it\/it\/2025\/10\/07\/60-anni-per-santalucia-mobili\/"},"author":{"name":"Francesco Inverso","@id":"https:\/\/www.xylon.it\/it\/#\/schema\/person\/010edc1b8281c3668b2f0d8aa19fb2ec"},"headline":"60 anni per Santalucia Mobili","datePublished":"2025-10-07T08:45:41+00:00","dateModified":"2025-12-09T15:48:51+00:00","mainEntityOfPage":{"@id":"https:\/\/www.xylon.it\/it\/2025\/10\/07\/60-anni-per-santalucia-mobili\/"},"wordCount":289,"publisher":{"@id":"https:\/\/www.xylon.it\/it\/#organization"},"image":{"@id":"https:\/\/www.xylon.it\/it\/2025\/10\/07\/60-anni-per-santalucia-mobili\/#primaryimage"},"thumbnailUrl":"https:\/\/www.xylon.it\/wp-content\/uploads\/2025\/10\/Sede-SLM.jpg","articleSection":["Notizie"],"inLanguage":"it-IT"},{"@type":"WebPage","@id":"https:\/\/www.xylon.it\/it\/2025\/10\/07\/60-anni-per-santalucia-mobili\/","url":"https:\/\/www.xylon.it\/it\/2025\/10\/07\/60-anni-per-santalucia-mobili\/","name":"60 anni per Santalucia Mobili - Xylon.it quotidiano online","isPartOf":{"@id":"https:\/\/www.xylon.it\/it\/#website"},"primaryImageOfPage":{"@id":"https:\/\/www.xylon.it\/it\/2025\/10\/07\/60-anni-per-santalucia-mobili\/#primaryimage"},"image":{"@id":"https:\/\/www.xylon.it\/it\/2025\/10\/07\/60-anni-per-santalucia-mobili\/#primaryimage"},"thumbnailUrl":"https:\/\/www.xylon.it\/wp-content\/uploads\/2025\/10\/Sede-SLM.jpg","datePublished":"2025-10-07T08:45:41+00:00","dateModified":"2025-12-09T15:48:51+00:00","breadcrumb":{"@id":"https:\/\/www.xylon.it\/it\/2025\/10\/07\/60-anni-per-santalucia-mobili\/#breadcrumb"},"inLanguage":"it-IT","potentialAction":[{"@type":"ReadAction","target":["https:\/\/www.xylon.it\/it\/2025\/10\/07\/60-anni-per-santalucia-mobili\/"]}]},{"@type":"ImageObject","inLanguage":"it-IT","@id":"https:\/\/www.xylon.it\/it\/2025\/10\/07\/60-anni-per-santalucia-mobili\/#primaryimage","url":"https:\/\/www.xylon.it\/wp-content\/uploads\/2025\/10\/Sede-SLM.jpg","contentUrl":"https:\/\/www.xylon.it\/wp-content\/uploads\/2025\/10\/Sede-SLM.jpg","width":2160,"height":1588},{"@type":"BreadcrumbList","@id":"https:\/\/www.xylon.it\/it\/2025\/10\/07\/60-anni-per-santalucia-mobili\/#breadcrumb","itemListElement":[{"@type":"ListItem","position":1,"name":"Home","item":"https:\/\/www.xylon.it\/it\/"},{"@type":"ListItem","position":2,"name":"60 anni per Santalucia Mobili"}]},{"@type":"WebSite","@id":"https:\/\/www.xylon.it\/it\/#website","url":"https:\/\/www.xylon.it\/it\/","name":"Xylon.it quotidiano online","description":"Il quotidiano online del settore","publisher":{"@id":"https:\/\/www.xylon.it\/it\/#organization"},"potentialAction":[{"@type":"SearchAction","target":{"@type":"EntryPoint","urlTemplate":"https:\/\/www.xylon.it\/it\/?s={search_term_string}"},"query-input":{"@type":"PropertyValueSpecification","valueRequired":true,"valueName":"search_term_string"}}],"inLanguage":"it-IT"},{"@type":"Organization","@id":"https:\/\/www.xylon.it\/it\/#organization","name":"Xylon.it quotidiano online","url":"https:\/\/www.xylon.it\/it\/","logo":{"@type":"ImageObject","inLanguage":"it-IT","@id":"https:\/\/www.xylon.it\/it\/#\/schema\/logo\/image\/","url":"","contentUrl":"","caption":"Xylon.it quotidiano online"},"image":{"@id":"https:\/\/www.xylon.it\/it\/#\/schema\/logo\/image\/"},"sameAs":["https:\/\/www.facebook.com\/XylonInternational"]},{"@type":"Person","@id":"https:\/\/www.xylon.it\/it\/#\/schema\/person\/010edc1b8281c3668b2f0d8aa19fb2ec","name":"Francesco Inverso","url":"https:\/\/www.xylon.it\/it\/author\/francesco\/"}]}},"_links":{"self":[{"href":"https:\/\/www.xylon.it\/it\/wp-json\/wp\/v2\/posts\/26228","targetHints":{"allow":["GET"]}}],"collection":[{"href":"https:\/\/www.xylon.it\/it\/wp-json\/wp\/v2\/posts"}],"about":[{"href":"https:\/\/www.xylon.it\/it\/wp-json\/wp\/v2\/types\/post"}],"author":[{"embeddable":true,"href":"https:\/\/www.xylon.it\/it\/wp-json\/wp\/v2\/users\/5"}],"replies":[{"embeddable":true,"href":"https:\/\/www.xylon.it\/it\/wp-json\/wp\/v2\/comments?post=26228"}],"version-history":[{"count":1,"href":"https:\/\/www.xylon.it\/it\/wp-json\/wp\/v2\/posts\/26228\/revisions"}],"predecessor-version":[{"id":26244,"href":"https:\/\/www.xylon.it\/it\/wp-json\/wp\/v2\/posts\/26228\/revisions\/26244"}],"wp:featuredmedia":[{"embeddable":true,"href":"https:\/\/www.xylon.it\/it\/wp-json\/wp\/v2\/media\/26234"}],"wp:attachment":[{"href":"https:\/\/www.xylon.it\/it\/wp-json\/wp\/v2\/media?parent=26228"}],"wp:term":[{"taxonomy":"category","embeddable":true,"href":"https:\/\/www.xylon.it\/it\/wp-json\/wp\/v2\/categories?post=26228"},{"taxonomy":"post_tag","embeddable":true,"href":"https:\/\/www.xylon.it\/it\/wp-json\/wp\/v2\/tags?post=26228"}],"curies":[{"name":"wp","href":"https:\/\/api.w.org\/{rel}","templated":true}]}}