{"id":28371,"date":"2026-04-30T11:38:36","date_gmt":"2026-04-30T09:38:36","guid":{"rendered":"https:\/\/www.xylon.it\/?p=28371"},"modified":"2026-04-30T11:40:32","modified_gmt":"2026-04-30T09:40:32","slug":"si-avvicina-sicam-2026","status":"publish","type":"post","link":"https:\/\/www.xylon.it\/it\/2026\/04\/30\/si-avvicina-sicam-2026\/","title":{"rendered":"Si avvicina Sicam 2026"},"content":{"rendered":"<p class=\"p2\">Un clima di fiduciosa attesa \u00e8 il sentimento pi\u00f9 diffuso: a poco meno di sei mesi dalla apertura dei cancelli della 17esima edizione di SICAM \u2013 il Salone internazionale componenti, accessori e semilavorati per l\u2019industria del mobile che si terr\u00e0 a Pordenone Fiere dal 20 al 23 ottobre prossimo \u2013 i giochi sono oramai fatti: l\u2019<b>elenco degli espositori <\/b>\u00e8 online da mesi, lo spazio espositivo di Pordenone Fiere \u00e8 <b>\u201csold out\u201d<\/b> e le <b>registrazioni<\/b>, aperte da pochi giorni, dimostrano tutto l\u2019interesse degli operatori del settore.<\/p>\n<p class=\"p3\">&#8220;<em>Ci si attende dunque una conferma dei dati dell\u2019ultima edizione: poco meno di <b>700 espositori<\/b>, di cui oltre il 30 per cento da tutto il mondo, <b>20mila metri quadrati<\/b> netti espositivi e attesa una grande affluenza da oltre un centinaio di Paesi. Numeri che raccontano lo scenario pi\u00f9 che consolidato nel quale si muove SICAM oramai da diverse edizioni<\/em>&#8220;, hanno spiegato gli organizzatori in un recente comunicato stampa.<\/p>\n<p class=\"p3\">Nonostante il contesto che resta complesso, dalla settimana milanese appena conclusa emerge un clima di diffuso ottimismo: il mondo del mobile si \u00e8 ritrovato con energia e voglia di guardare oltre, confermando di avere positive aspettative per il futuro. Non a caso<i> <\/i>molti degli spunti emersi nella scorsa edizione di SICAM li abbiamo ritrovati nelle novit\u00e0 presentate al Salone. Un\u2019atmosfera che non mancher\u00e0 di accompagnare il settore verso il prossimo appuntamento di Pordenone, una occasione per incontrarci di nuovo.<\/p>\n<p class=\"p3\"><i>\u201cIl settore ha indubbiamente bisogno dell\u2019ottimismo, delle opportunit\u00e0 e della voglia di incontro che da sempre contraddistinguono SICAM\u201d,<\/i> ha commentato <b>Carolina Giobbi<\/b>, responsabile marketing e comunicazione. <i>\u201cMai come di questi tempi c\u2019\u00e8 bisogno di una fiera piacevole da vivere ma assolutamente concreta, dove il prodotto sia sempre e comunque protagonista; un luogo dedicato al business, dove trovare tutto ci\u00f2 che serve per quello che sar\u00e0 il mobile di domani. Stiamo lavorando per dare a espositori e visitatori quello che da pi\u00f9 parti ci \u00e8 sempre stato richiesto: creare un luogo in cui il tempo degli operatori abbia valore, perch\u00e9 ogni momento \u00e8 orientato alla concretezza e ai risultati\u201d.<\/i><\/p>\n<p class=\"p2\">SICAM sia da sempre oggetto di una attenta <b>promozione internazionale<\/b>, grazie alla quale riafferma costantemente il proprio ruolo di evento da non perdere e ricerca nuovi linguaggi per coinvolgere operatori da mercati che si stanno avvicinando al \u201cgusto\u201d europeo e alle modalit\u00e0 di produzione pi\u00f9 moderne. Una \u201croad map\u201d che quest\u2019anno ha preso il via da Lione, in Francia (\u201cEurobois\u201d, dal 3 al 6 febbraio) per toccare Bangalore, in India (\u201cIndiawood\u201d, dal 26 febbraio al 2 marzo); Birmingham, Gran Bretagna (\u201cKBB\u201d, dall\u20191 al 4 marzo; Atene, Grecia (\u201cMedwood\u201d, dal 27 al 30 marzo) e Sofia, Bulgaria (\u201cTechnomebel\u201d, dal 31 marzo al 3 aprile). E il percorso continua\u2026<\/p>\n<p class=\"p2\">Incontri e iniziative dalle quali nascono occasioni per definire nuove collaborazioni: ne \u00e8 un esempio l\u2019accordo con la <b>Economic Assembly of Uzbekistan<\/b>, organismo che promuove l\u2019economia del Paese asiatico. Grazie al protocollo firmato in queste settimane una delegazione di imprenditori uzbechi del mondo dell\u2019arredo sar\u00e0 fra gli stand di SICAM il prossimo ottobre, alla ricerca di semilavorati, materiali, ferramenta e finiture che permettano loro di definire uno stile dell\u2019abitare moderno e pi\u00f9 funzionale.<\/p>\n","protected":false},"excerpt":{"rendered":"<p>Un clima di fiduciosa attesa \u00e8 il sentimento pi\u00f9 diffuso: a poco meno di sei mesi dalla apertura dei cancelli della 17esima edizione di SICAM \u2013 il Salone internazionale componenti, [&hellip;]<\/p>\n","protected":false},"author":5,"featured_media":26504,"comment_status":"closed","ping_status":"closed","sticky":false,"template":"","format":"standard","meta":{"_acf_changed":false,"footnotes":""},"categories":[88],"tags":[],"class_list":["post-28371","post","type-post","status-publish","format-standard","has-post-thumbnail","hentry","category-in-evidenza"],"acf":[],"yoast_head":"<!-- This site is optimized with the Yoast SEO plugin v27.2 - https:\/\/yoast.com\/product\/yoast-seo-wordpress\/ -->\n<title>Si avvicina Sicam 2026 - Xylon.it quotidiano online<\/title>\n<meta name=\"robots\" content=\"index, follow, max-snippet:-1, max-image-preview:large, max-video-preview:-1\" \/>\n<link rel=\"canonical\" href=\"https:\/\/www.xylon.it\/it\/2026\/04\/30\/si-avvicina-sicam-2026\/\" \/>\n<meta property=\"og:locale\" content=\"it_IT\" \/>\n<meta property=\"og:type\" content=\"article\" \/>\n<meta property=\"og:title\" content=\"Si avvicina Sicam 2026 - Xylon.it quotidiano online\" \/>\n<meta property=\"og:description\" content=\"Un clima di fiduciosa attesa \u00e8 il sentimento pi\u00f9 diffuso: a poco meno di sei mesi dalla apertura dei cancelli della 17esima edizione di SICAM \u2013 il Salone internazionale componenti, [&hellip;]\" \/>\n<meta property=\"og:url\" content=\"https:\/\/www.xylon.it\/it\/2026\/04\/30\/si-avvicina-sicam-2026\/\" \/>\n<meta property=\"og:site_name\" content=\"Xylon.it quotidiano online\" \/>\n<meta property=\"article:publisher\" content=\"https:\/\/www.facebook.com\/XylonInternational\" \/>\n<meta property=\"article:published_time\" content=\"2026-04-30T09:38:36+00:00\" \/>\n<meta property=\"article:modified_time\" content=\"2026-04-30T09:40:32+00:00\" \/>\n<meta property=\"og:image\" content=\"https:\/\/www.xylon.it\/wp-content\/uploads\/2025\/10\/SICAM_2025_002-min-scaled.jpg\" \/>\n\t<meta property=\"og:image:width\" content=\"2560\" \/>\n\t<meta property=\"og:image:height\" content=\"1707\" \/>\n\t<meta property=\"og:image:type\" content=\"image\/jpeg\" \/>\n<meta name=\"author\" content=\"Francesco Inverso\" \/>\n<meta name=\"twitter:card\" content=\"summary_large_image\" \/>\n<meta name=\"twitter:label1\" content=\"Scritto da\" \/>\n\t<meta name=\"twitter:data1\" content=\"Francesco Inverso\" \/>\n\t<meta name=\"twitter:label2\" content=\"Tempo di lettura stimato\" \/>\n\t<meta name=\"twitter:data2\" content=\"3 minuti\" \/>\n<script type=\"application\/ld+json\" class=\"yoast-schema-graph\">{\"@context\":\"https:\/\/schema.org\",\"@graph\":[{\"@type\":\"Article\",\"@id\":\"https:\/\/www.xylon.it\/it\/2026\/04\/30\/si-avvicina-sicam-2026\/#article\",\"isPartOf\":{\"@id\":\"https:\/\/www.xylon.it\/it\/2026\/04\/30\/si-avvicina-sicam-2026\/\"},\"author\":{\"name\":\"Francesco Inverso\",\"@id\":\"https:\/\/www.xylon.it\/it\/#\/schema\/person\/010edc1b8281c3668b2f0d8aa19fb2ec\"},\"headline\":\"Si avvicina Sicam 2026\",\"datePublished\":\"2026-04-30T09:38:36+00:00\",\"dateModified\":\"2026-04-30T09:40:32+00:00\",\"mainEntityOfPage\":{\"@id\":\"https:\/\/www.xylon.it\/it\/2026\/04\/30\/si-avvicina-sicam-2026\/\"},\"wordCount\":512,\"publisher\":{\"@id\":\"https:\/\/www.xylon.it\/it\/#organization\"},\"image\":{\"@id\":\"https:\/\/www.xylon.it\/it\/2026\/04\/30\/si-avvicina-sicam-2026\/#primaryimage\"},\"thumbnailUrl\":\"https:\/\/www.xylon.it\/wp-content\/uploads\/2025\/10\/SICAM_2025_002-min-scaled.jpg\",\"articleSection\":[\"In evidenza\"],\"inLanguage\":\"it-IT\"},{\"@type\":\"WebPage\",\"@id\":\"https:\/\/www.xylon.it\/it\/2026\/04\/30\/si-avvicina-sicam-2026\/\",\"url\":\"https:\/\/www.xylon.it\/it\/2026\/04\/30\/si-avvicina-sicam-2026\/\",\"name\":\"Si avvicina Sicam 2026 - Xylon.it quotidiano online\",\"isPartOf\":{\"@id\":\"https:\/\/www.xylon.it\/it\/#website\"},\"primaryImageOfPage\":{\"@id\":\"https:\/\/www.xylon.it\/it\/2026\/04\/30\/si-avvicina-sicam-2026\/#primaryimage\"},\"image\":{\"@id\":\"https:\/\/www.xylon.it\/it\/2026\/04\/30\/si-avvicina-sicam-2026\/#primaryimage\"},\"thumbnailUrl\":\"https:\/\/www.xylon.it\/wp-content\/uploads\/2025\/10\/SICAM_2025_002-min-scaled.jpg\",\"datePublished\":\"2026-04-30T09:38:36+00:00\",\"dateModified\":\"2026-04-30T09:40:32+00:00\",\"breadcrumb\":{\"@id\":\"https:\/\/www.xylon.it\/it\/2026\/04\/30\/si-avvicina-sicam-2026\/#breadcrumb\"},\"inLanguage\":\"it-IT\",\"potentialAction\":[{\"@type\":\"ReadAction\",\"target\":[\"https:\/\/www.xylon.it\/it\/2026\/04\/30\/si-avvicina-sicam-2026\/\"]}]},{\"@type\":\"ImageObject\",\"inLanguage\":\"it-IT\",\"@id\":\"https:\/\/www.xylon.it\/it\/2026\/04\/30\/si-avvicina-sicam-2026\/#primaryimage\",\"url\":\"https:\/\/www.xylon.it\/wp-content\/uploads\/2025\/10\/SICAM_2025_002-min-scaled.jpg\",\"contentUrl\":\"https:\/\/www.xylon.it\/wp-content\/uploads\/2025\/10\/SICAM_2025_002-min-scaled.jpg\",\"width\":2560,\"height\":1707},{\"@type\":\"BreadcrumbList\",\"@id\":\"https:\/\/www.xylon.it\/it\/2026\/04\/30\/si-avvicina-sicam-2026\/#breadcrumb\",\"itemListElement\":[{\"@type\":\"ListItem\",\"position\":1,\"name\":\"Home\",\"item\":\"https:\/\/www.xylon.it\/it\/\"},{\"@type\":\"ListItem\",\"position\":2,\"name\":\"Si avvicina Sicam 2026\"}]},{\"@type\":\"WebSite\",\"@id\":\"https:\/\/www.xylon.it\/it\/#website\",\"url\":\"https:\/\/www.xylon.it\/it\/\",\"name\":\"Xylon.it quotidiano online\",\"description\":\"Il quotidiano online del settore\",\"publisher\":{\"@id\":\"https:\/\/www.xylon.it\/it\/#organization\"},\"potentialAction\":[{\"@type\":\"SearchAction\",\"target\":{\"@type\":\"EntryPoint\",\"urlTemplate\":\"https:\/\/www.xylon.it\/it\/?s={search_term_string}\"},\"query-input\":{\"@type\":\"PropertyValueSpecification\",\"valueRequired\":true,\"valueName\":\"search_term_string\"}}],\"inLanguage\":\"it-IT\"},{\"@type\":\"Organization\",\"@id\":\"https:\/\/www.xylon.it\/it\/#organization\",\"name\":\"Xylon.it quotidiano online\",\"url\":\"https:\/\/www.xylon.it\/it\/\",\"logo\":{\"@type\":\"ImageObject\",\"inLanguage\":\"it-IT\",\"@id\":\"https:\/\/www.xylon.it\/it\/#\/schema\/logo\/image\/\",\"url\":\"\",\"contentUrl\":\"\",\"caption\":\"Xylon.it quotidiano online\"},\"image\":{\"@id\":\"https:\/\/www.xylon.it\/it\/#\/schema\/logo\/image\/\"},\"sameAs\":[\"https:\/\/www.facebook.com\/XylonInternational\"]},{\"@type\":\"Person\",\"@id\":\"https:\/\/www.xylon.it\/it\/#\/schema\/person\/010edc1b8281c3668b2f0d8aa19fb2ec\",\"name\":\"Francesco Inverso\",\"url\":\"https:\/\/www.xylon.it\/it\/author\/francesco\/\"}]}<\/script>\n<!-- \/ Yoast SEO plugin. -->","yoast_head_json":{"title":"Si avvicina Sicam 2026 - Xylon.it quotidiano online","robots":{"index":"index","follow":"follow","max-snippet":"max-snippet:-1","max-image-preview":"max-image-preview:large","max-video-preview":"max-video-preview:-1"},"canonical":"https:\/\/www.xylon.it\/it\/2026\/04\/30\/si-avvicina-sicam-2026\/","og_locale":"it_IT","og_type":"article","og_title":"Si avvicina Sicam 2026 - Xylon.it quotidiano online","og_description":"Un clima di fiduciosa attesa \u00e8 il sentimento pi\u00f9 diffuso: a poco meno di sei mesi dalla apertura dei cancelli della 17esima edizione di SICAM \u2013 il Salone internazionale componenti, [&hellip;]","og_url":"https:\/\/www.xylon.it\/it\/2026\/04\/30\/si-avvicina-sicam-2026\/","og_site_name":"Xylon.it quotidiano online","article_publisher":"https:\/\/www.facebook.com\/XylonInternational","article_published_time":"2026-04-30T09:38:36+00:00","article_modified_time":"2026-04-30T09:40:32+00:00","og_image":[{"width":2560,"height":1707,"url":"https:\/\/www.xylon.it\/wp-content\/uploads\/2025\/10\/SICAM_2025_002-min-scaled.jpg","type":"image\/jpeg"}],"author":"Francesco Inverso","twitter_card":"summary_large_image","twitter_misc":{"Scritto da":"Francesco Inverso","Tempo di lettura stimato":"3 minuti"},"schema":{"@context":"https:\/\/schema.org","@graph":[{"@type":"Article","@id":"https:\/\/www.xylon.it\/it\/2026\/04\/30\/si-avvicina-sicam-2026\/#article","isPartOf":{"@id":"https:\/\/www.xylon.it\/it\/2026\/04\/30\/si-avvicina-sicam-2026\/"},"author":{"name":"Francesco Inverso","@id":"https:\/\/www.xylon.it\/it\/#\/schema\/person\/010edc1b8281c3668b2f0d8aa19fb2ec"},"headline":"Si avvicina Sicam 2026","datePublished":"2026-04-30T09:38:36+00:00","dateModified":"2026-04-30T09:40:32+00:00","mainEntityOfPage":{"@id":"https:\/\/www.xylon.it\/it\/2026\/04\/30\/si-avvicina-sicam-2026\/"},"wordCount":512,"publisher":{"@id":"https:\/\/www.xylon.it\/it\/#organization"},"image":{"@id":"https:\/\/www.xylon.it\/it\/2026\/04\/30\/si-avvicina-sicam-2026\/#primaryimage"},"thumbnailUrl":"https:\/\/www.xylon.it\/wp-content\/uploads\/2025\/10\/SICAM_2025_002-min-scaled.jpg","articleSection":["In evidenza"],"inLanguage":"it-IT"},{"@type":"WebPage","@id":"https:\/\/www.xylon.it\/it\/2026\/04\/30\/si-avvicina-sicam-2026\/","url":"https:\/\/www.xylon.it\/it\/2026\/04\/30\/si-avvicina-sicam-2026\/","name":"Si avvicina Sicam 2026 - Xylon.it quotidiano online","isPartOf":{"@id":"https:\/\/www.xylon.it\/it\/#website"},"primaryImageOfPage":{"@id":"https:\/\/www.xylon.it\/it\/2026\/04\/30\/si-avvicina-sicam-2026\/#primaryimage"},"image":{"@id":"https:\/\/www.xylon.it\/it\/2026\/04\/30\/si-avvicina-sicam-2026\/#primaryimage"},"thumbnailUrl":"https:\/\/www.xylon.it\/wp-content\/uploads\/2025\/10\/SICAM_2025_002-min-scaled.jpg","datePublished":"2026-04-30T09:38:36+00:00","dateModified":"2026-04-30T09:40:32+00:00","breadcrumb":{"@id":"https:\/\/www.xylon.it\/it\/2026\/04\/30\/si-avvicina-sicam-2026\/#breadcrumb"},"inLanguage":"it-IT","potentialAction":[{"@type":"ReadAction","target":["https:\/\/www.xylon.it\/it\/2026\/04\/30\/si-avvicina-sicam-2026\/"]}]},{"@type":"ImageObject","inLanguage":"it-IT","@id":"https:\/\/www.xylon.it\/it\/2026\/04\/30\/si-avvicina-sicam-2026\/#primaryimage","url":"https:\/\/www.xylon.it\/wp-content\/uploads\/2025\/10\/SICAM_2025_002-min-scaled.jpg","contentUrl":"https:\/\/www.xylon.it\/wp-content\/uploads\/2025\/10\/SICAM_2025_002-min-scaled.jpg","width":2560,"height":1707},{"@type":"BreadcrumbList","@id":"https:\/\/www.xylon.it\/it\/2026\/04\/30\/si-avvicina-sicam-2026\/#breadcrumb","itemListElement":[{"@type":"ListItem","position":1,"name":"Home","item":"https:\/\/www.xylon.it\/it\/"},{"@type":"ListItem","position":2,"name":"Si avvicina Sicam 2026"}]},{"@type":"WebSite","@id":"https:\/\/www.xylon.it\/it\/#website","url":"https:\/\/www.xylon.it\/it\/","name":"Xylon.it quotidiano online","description":"Il quotidiano online del settore","publisher":{"@id":"https:\/\/www.xylon.it\/it\/#organization"},"potentialAction":[{"@type":"SearchAction","target":{"@type":"EntryPoint","urlTemplate":"https:\/\/www.xylon.it\/it\/?s={search_term_string}"},"query-input":{"@type":"PropertyValueSpecification","valueRequired":true,"valueName":"search_term_string"}}],"inLanguage":"it-IT"},{"@type":"Organization","@id":"https:\/\/www.xylon.it\/it\/#organization","name":"Xylon.it quotidiano online","url":"https:\/\/www.xylon.it\/it\/","logo":{"@type":"ImageObject","inLanguage":"it-IT","@id":"https:\/\/www.xylon.it\/it\/#\/schema\/logo\/image\/","url":"","contentUrl":"","caption":"Xylon.it quotidiano online"},"image":{"@id":"https:\/\/www.xylon.it\/it\/#\/schema\/logo\/image\/"},"sameAs":["https:\/\/www.facebook.com\/XylonInternational"]},{"@type":"Person","@id":"https:\/\/www.xylon.it\/it\/#\/schema\/person\/010edc1b8281c3668b2f0d8aa19fb2ec","name":"Francesco Inverso","url":"https:\/\/www.xylon.it\/it\/author\/francesco\/"}]}},"_links":{"self":[{"href":"https:\/\/www.xylon.it\/it\/wp-json\/wp\/v2\/posts\/28371","targetHints":{"allow":["GET"]}}],"collection":[{"href":"https:\/\/www.xylon.it\/it\/wp-json\/wp\/v2\/posts"}],"about":[{"href":"https:\/\/www.xylon.it\/it\/wp-json\/wp\/v2\/types\/post"}],"author":[{"embeddable":true,"href":"https:\/\/www.xylon.it\/it\/wp-json\/wp\/v2\/users\/5"}],"replies":[{"embeddable":true,"href":"https:\/\/www.xylon.it\/it\/wp-json\/wp\/v2\/comments?post=28371"}],"version-history":[{"count":1,"href":"https:\/\/www.xylon.it\/it\/wp-json\/wp\/v2\/posts\/28371\/revisions"}],"predecessor-version":[{"id":28372,"href":"https:\/\/www.xylon.it\/it\/wp-json\/wp\/v2\/posts\/28371\/revisions\/28372"}],"wp:featuredmedia":[{"embeddable":true,"href":"https:\/\/www.xylon.it\/it\/wp-json\/wp\/v2\/media\/26504"}],"wp:attachment":[{"href":"https:\/\/www.xylon.it\/it\/wp-json\/wp\/v2\/media?parent=28371"}],"wp:term":[{"taxonomy":"category","embeddable":true,"href":"https:\/\/www.xylon.it\/it\/wp-json\/wp\/v2\/categories?post=28371"},{"taxonomy":"post_tag","embeddable":true,"href":"https:\/\/www.xylon.it\/it\/wp-json\/wp\/v2\/tags?post=28371"}],"curies":[{"name":"wp","href":"https:\/\/api.w.org\/{rel}","templated":true}]}}