{"id":29058,"date":"2026-09-02T14:17:43","date_gmt":"2026-09-02T12:17:43","guid":{"rendered":"https:\/\/www.xylon.it\/?p=29058"},"modified":"2026-09-02T14:18:55","modified_gmt":"2026-09-02T12:18:55","slug":"tsubaki-amplia-la-presenza-in-europa","status":"publish","type":"post","link":"https:\/\/www.xylon.it\/it\/2026\/09\/02\/tsubaki-amplia-la-presenza-in-europa\/","title":{"rendered":"Tsubaki amplia la presenza in Europa"},"content":{"rendered":"<p><strong>Nuova struttura organizzativa europea e un\u2019immagine aziendale uniforme, il gruppo Tsubaki ricalibra la propria strategia in Europa. A partire dal 1\u00b0 luglio la neocostituita Tsubaki Europe Holdings \u2013 con sede a Dordrecht, nei Paesi Bassi \u2013 raggruppa le proprie societ\u00e0 europee sotto un unico ombrello.<\/strong><strong>\u00a0<\/strong><\/p>\n<p>Alla nuova holding appartengono essenzialmente le seguenti aziende: <strong>Tsubakimoto Europe<\/strong> (Dordrecht), <strong>Tsubaki Kabelschlepp<\/strong> (Wenden-Gerlingen), <strong>Mayfran Europe<\/strong> (Landgraaf) e <strong>Tsubaki Jungbluth<\/strong> (Bad Hersfeld). Inoltre, fanno parte della nuova struttura organizzativa le societ\u00e0 controllate europee di Tsubaki, nonch\u00e9 le controllate europee di Kabelschlepp e Mayfran, comprese le societ\u00e0 internazionali con sede in India e Cina. Il presidente e ceo della holding \u00e8 Henning Preis.<br \/>\nCon la nuova holding, l\u2019azienda persegue lo scopo di armonizzare ulteriormente la collaborazione tra le societ\u00e0 europee e di espandere la loro rete organizzativa. L\u2019integrazione di competenze, know-how e risorse consente al gruppo aziendale di offrire ai propri clienti, ancora meglio di prima, soluzioni complete e su misura da un unico fornitore.<\/p>\n<p>La ristrutturazione sar\u00e0 visibile in futuro anche nell\u2019immagine aziendale. Al centro della riorganizzazione vi \u00e8 il marchio ombrello Tsubaki, che in futuro sar\u00e0 presente in modo pi\u00f9 netto come marchio aziendale. Nomi noti come Kabelschlepp o Mayfran rimarranno invariati e continueranno a essere presenti come marchi di prodotto. In questo modo, la nuova architettura dei marchi combina un\u2019identit\u00e0 aziendale comune con la continuit\u00e0 di marchi che sono gi\u00e0 affermati sul mercato.<\/p>\n<p><strong>Nuova identit\u00e0 aziendale con una brand image all&#8217;insegna del blu<\/strong><\/p>\n<p>I cambiamenti emergono anche a livello di design aziendale. Tsubaki Kabelschlepp e Mayfran danno l&#8217;addio al loro precedente universo cromatico e adotteranno in futuro la nuova identit\u00e0 aziendale del gruppo, con la caratteristica colorazione blu.<\/p>\n<p><strong>I marchi consolidati rimangono invariati<\/strong><\/p>\n<p>Con la nuova immagine aziendale si intende a rendere pi\u00f9 marcata l\u2019appartenenza delle societ\u00e0 europee al gruppo internazionale Tsubaki. Allo stesso tempo, per i clienti e per i partner commerciali, la struttura esistente rimane invariata per quanto attiene l&#8217;attivit\u00e0 di routine. Le persone di riferimento, i prodotti e i marchi affermati non subiscono variazioni.<br \/>\n&#8220;<em>Con la nuova struttura organizzativa europea e un\u2019identit\u00e0 aziendale, la cosiddetta Corporate Identity, comune, creiamo un legame pi\u00f9 forte tra le nostre societ\u00e0 e rendiamo pi\u00f9 visibile la nostra appartenenza al gruppo internazionale Tsubaki<\/em>&#8220;, spiega <strong>Henning Preis<\/strong>, presidente e ceo di Tsubaki Europe Holdings B.V. &#8220;<em>Allo stesso tempo, i nostri prodotti contraddistinti da marchi affermati rimangono immutati, a simboleggiare continuit\u00e0 e affidabilit\u00e0 Per i nostri clienti rimangono invariati i referenti abituali e le soluzioni di provata efficacia<\/em>&#8220;.<\/p>\n","protected":false},"excerpt":{"rendered":"<p>Nuova struttura organizzativa europea e un\u2019immagine aziendale uniforme, il gruppo Tsubaki ricalibra la propria strategia in Europa. A partire dal 1\u00b0 luglio la neocostituita Tsubaki Europe Holdings \u2013 con sede [&hellip;]<\/p>\n","protected":false},"author":5,"featured_media":29068,"comment_status":"closed","ping_status":"closed","sticky":true,"template":"","format":"standard","meta":{"_acf_changed":false,"footnotes":""},"categories":[92],"tags":[],"class_list":["post-29058","post","type-post","status-publish","format-standard","has-post-thumbnail","hentry","category-di-transizione"],"acf":[],"yoast_head":"<!-- This site is optimized with the Yoast SEO plugin v27.7 - https:\/\/yoast.com\/product\/yoast-seo-wordpress\/ -->\n<title>Tsubaki amplia la presenza in Europa - Xylon.it quotidiano online<\/title>\n<meta name=\"robots\" content=\"index, follow, max-snippet:-1, max-image-preview:large, max-video-preview:-1\" \/>\n<link rel=\"canonical\" href=\"https:\/\/www.xylon.it\/it\/2026\/09\/02\/tsubaki-amplia-la-presenza-in-europa\/\" \/>\n<meta property=\"og:locale\" content=\"it_IT\" \/>\n<meta property=\"og:type\" content=\"article\" \/>\n<meta property=\"og:title\" content=\"Tsubaki amplia la presenza in Europa - Xylon.it quotidiano online\" \/>\n<meta property=\"og:description\" content=\"Nuova struttura organizzativa europea e un\u2019immagine aziendale uniforme, il gruppo Tsubaki ricalibra la propria strategia in Europa. A partire dal 1\u00b0 luglio la neocostituita Tsubaki Europe Holdings \u2013 con sede [&hellip;]\" \/>\n<meta property=\"og:url\" content=\"https:\/\/www.xylon.it\/it\/2026\/09\/02\/tsubaki-amplia-la-presenza-in-europa\/\" \/>\n<meta property=\"og:site_name\" content=\"Xylon.it quotidiano online\" \/>\n<meta property=\"article:publisher\" content=\"https:\/\/www.facebook.com\/XylonInternational\" \/>\n<meta property=\"article:published_time\" content=\"2026-09-02T12:17:43+00:00\" \/>\n<meta property=\"article:modified_time\" content=\"2026-09-02T12:18:55+00:00\" \/>\n<meta property=\"og:image\" content=\"https:\/\/www.xylon.it\/wp-content\/uploads\/2026\/09\/TSUBAKI-nuova-struttura-organizzativa-cmyk.jpg\" \/>\n\t<meta property=\"og:image:width\" content=\"800\" \/>\n\t<meta property=\"og:image:height\" content=\"532\" \/>\n\t<meta property=\"og:image:type\" content=\"image\/jpeg\" \/>\n<meta name=\"author\" content=\"Francesco Inverso\" \/>\n<meta name=\"twitter:card\" content=\"summary_large_image\" \/>\n<meta name=\"twitter:label1\" content=\"Scritto da\" \/>\n\t<meta name=\"twitter:data1\" content=\"Francesco Inverso\" \/>\n\t<meta name=\"twitter:label2\" content=\"Tempo di lettura stimato\" \/>\n\t<meta name=\"twitter:data2\" content=\"2 minuti\" \/>\n<script type=\"application\/ld+json\" class=\"yoast-schema-graph\">{\"@context\":\"https:\\\/\\\/schema.org\",\"@graph\":[{\"@type\":\"Article\",\"@id\":\"https:\\\/\\\/www.xylon.it\\\/it\\\/2026\\\/09\\\/02\\\/tsubaki-amplia-la-presenza-in-europa\\\/#article\",\"isPartOf\":{\"@id\":\"https:\\\/\\\/www.xylon.it\\\/it\\\/2026\\\/09\\\/02\\\/tsubaki-amplia-la-presenza-in-europa\\\/\"},\"author\":{\"name\":\"Francesco Inverso\",\"@id\":\"https:\\\/\\\/www.xylon.it\\\/it\\\/#\\\/schema\\\/person\\\/010edc1b8281c3668b2f0d8aa19fb2ec\"},\"headline\":\"Tsubaki amplia la presenza in Europa\",\"datePublished\":\"2026-09-02T12:17:43+00:00\",\"dateModified\":\"2026-09-02T12:18:55+00:00\",\"mainEntityOfPage\":{\"@id\":\"https:\\\/\\\/www.xylon.it\\\/it\\\/2026\\\/09\\\/02\\\/tsubaki-amplia-la-presenza-in-europa\\\/\"},\"wordCount\":423,\"publisher\":{\"@id\":\"https:\\\/\\\/www.xylon.it\\\/it\\\/#organization\"},\"image\":{\"@id\":\"https:\\\/\\\/www.xylon.it\\\/it\\\/2026\\\/09\\\/02\\\/tsubaki-amplia-la-presenza-in-europa\\\/#primaryimage\"},\"thumbnailUrl\":\"https:\\\/\\\/www.xylon.it\\\/wp-content\\\/uploads\\\/2026\\\/09\\\/TSUBAKI-nuova-struttura-organizzativa-cmyk.jpg\",\"articleSection\":[\"Apertura\"],\"inLanguage\":\"it-IT\"},{\"@type\":\"WebPage\",\"@id\":\"https:\\\/\\\/www.xylon.it\\\/it\\\/2026\\\/09\\\/02\\\/tsubaki-amplia-la-presenza-in-europa\\\/\",\"url\":\"https:\\\/\\\/www.xylon.it\\\/it\\\/2026\\\/09\\\/02\\\/tsubaki-amplia-la-presenza-in-europa\\\/\",\"name\":\"Tsubaki amplia la presenza in Europa - Xylon.it quotidiano online\",\"isPartOf\":{\"@id\":\"https:\\\/\\\/www.xylon.it\\\/it\\\/#website\"},\"primaryImageOfPage\":{\"@id\":\"https:\\\/\\\/www.xylon.it\\\/it\\\/2026\\\/09\\\/02\\\/tsubaki-amplia-la-presenza-in-europa\\\/#primaryimage\"},\"image\":{\"@id\":\"https:\\\/\\\/www.xylon.it\\\/it\\\/2026\\\/09\\\/02\\\/tsubaki-amplia-la-presenza-in-europa\\\/#primaryimage\"},\"thumbnailUrl\":\"https:\\\/\\\/www.xylon.it\\\/wp-content\\\/uploads\\\/2026\\\/09\\\/TSUBAKI-nuova-struttura-organizzativa-cmyk.jpg\",\"datePublished\":\"2026-09-02T12:17:43+00:00\",\"dateModified\":\"2026-09-02T12:18:55+00:00\",\"breadcrumb\":{\"@id\":\"https:\\\/\\\/www.xylon.it\\\/it\\\/2026\\\/09\\\/02\\\/tsubaki-amplia-la-presenza-in-europa\\\/#breadcrumb\"},\"inLanguage\":\"it-IT\",\"potentialAction\":[{\"@type\":\"ReadAction\",\"target\":[\"https:\\\/\\\/www.xylon.it\\\/it\\\/2026\\\/09\\\/02\\\/tsubaki-amplia-la-presenza-in-europa\\\/\"]}]},{\"@type\":\"ImageObject\",\"inLanguage\":\"it-IT\",\"@id\":\"https:\\\/\\\/www.xylon.it\\\/it\\\/2026\\\/09\\\/02\\\/tsubaki-amplia-la-presenza-in-europa\\\/#primaryimage\",\"url\":\"https:\\\/\\\/www.xylon.it\\\/wp-content\\\/uploads\\\/2026\\\/09\\\/TSUBAKI-nuova-struttura-organizzativa-cmyk.jpg\",\"contentUrl\":\"https:\\\/\\\/www.xylon.it\\\/wp-content\\\/uploads\\\/2026\\\/09\\\/TSUBAKI-nuova-struttura-organizzativa-cmyk.jpg\",\"width\":800,\"height\":532},{\"@type\":\"BreadcrumbList\",\"@id\":\"https:\\\/\\\/www.xylon.it\\\/it\\\/2026\\\/09\\\/02\\\/tsubaki-amplia-la-presenza-in-europa\\\/#breadcrumb\",\"itemListElement\":[{\"@type\":\"ListItem\",\"position\":1,\"name\":\"Home\",\"item\":\"https:\\\/\\\/www.xylon.it\\\/it\\\/\"},{\"@type\":\"ListItem\",\"position\":2,\"name\":\"Tsubaki amplia la presenza in Europa\"}]},{\"@type\":\"WebSite\",\"@id\":\"https:\\\/\\\/www.xylon.it\\\/it\\\/#website\",\"url\":\"https:\\\/\\\/www.xylon.it\\\/it\\\/\",\"name\":\"Xylon.it quotidiano online\",\"description\":\"Il quotidiano online del settore\",\"publisher\":{\"@id\":\"https:\\\/\\\/www.xylon.it\\\/it\\\/#organization\"},\"potentialAction\":[{\"@type\":\"SearchAction\",\"target\":{\"@type\":\"EntryPoint\",\"urlTemplate\":\"https:\\\/\\\/www.xylon.it\\\/it\\\/?s={search_term_string}\"},\"query-input\":{\"@type\":\"PropertyValueSpecification\",\"valueRequired\":true,\"valueName\":\"search_term_string\"}}],\"inLanguage\":\"it-IT\"},{\"@type\":\"Organization\",\"@id\":\"https:\\\/\\\/www.xylon.it\\\/it\\\/#organization\",\"name\":\"Xylon.it quotidiano online\",\"url\":\"https:\\\/\\\/www.xylon.it\\\/it\\\/\",\"logo\":{\"@type\":\"ImageObject\",\"inLanguage\":\"it-IT\",\"@id\":\"https:\\\/\\\/www.xylon.it\\\/it\\\/#\\\/schema\\\/logo\\\/image\\\/\",\"url\":\"\",\"contentUrl\":\"\",\"caption\":\"Xylon.it quotidiano online\"},\"image\":{\"@id\":\"https:\\\/\\\/www.xylon.it\\\/it\\\/#\\\/schema\\\/logo\\\/image\\\/\"},\"sameAs\":[\"https:\\\/\\\/www.facebook.com\\\/XylonInternational\"]},{\"@type\":\"Person\",\"@id\":\"https:\\\/\\\/www.xylon.it\\\/it\\\/#\\\/schema\\\/person\\\/010edc1b8281c3668b2f0d8aa19fb2ec\",\"name\":\"Francesco Inverso\",\"url\":\"https:\\\/\\\/www.xylon.it\\\/it\\\/author\\\/francesco\\\/\"}]}<\/script>\n<!-- \/ Yoast SEO plugin. -->","yoast_head_json":{"title":"Tsubaki amplia la presenza in Europa - Xylon.it quotidiano online","robots":{"index":"index","follow":"follow","max-snippet":"max-snippet:-1","max-image-preview":"max-image-preview:large","max-video-preview":"max-video-preview:-1"},"canonical":"https:\/\/www.xylon.it\/it\/2026\/09\/02\/tsubaki-amplia-la-presenza-in-europa\/","og_locale":"it_IT","og_type":"article","og_title":"Tsubaki amplia la presenza in Europa - Xylon.it quotidiano online","og_description":"Nuova struttura organizzativa europea e un\u2019immagine aziendale uniforme, il gruppo Tsubaki ricalibra la propria strategia in Europa. A partire dal 1\u00b0 luglio la neocostituita Tsubaki Europe Holdings \u2013 con sede [&hellip;]","og_url":"https:\/\/www.xylon.it\/it\/2026\/09\/02\/tsubaki-amplia-la-presenza-in-europa\/","og_site_name":"Xylon.it quotidiano online","article_publisher":"https:\/\/www.facebook.com\/XylonInternational","article_published_time":"2026-09-02T12:17:43+00:00","article_modified_time":"2026-09-02T12:18:55+00:00","og_image":[{"width":800,"height":532,"url":"https:\/\/www.xylon.it\/wp-content\/uploads\/2026\/09\/TSUBAKI-nuova-struttura-organizzativa-cmyk.jpg","type":"image\/jpeg"}],"author":"Francesco Inverso","twitter_card":"summary_large_image","twitter_misc":{"Scritto da":"Francesco Inverso","Tempo di lettura stimato":"2 minuti"},"schema":{"@context":"https:\/\/schema.org","@graph":[{"@type":"Article","@id":"https:\/\/www.xylon.it\/it\/2026\/09\/02\/tsubaki-amplia-la-presenza-in-europa\/#article","isPartOf":{"@id":"https:\/\/www.xylon.it\/it\/2026\/09\/02\/tsubaki-amplia-la-presenza-in-europa\/"},"author":{"name":"Francesco Inverso","@id":"https:\/\/www.xylon.it\/it\/#\/schema\/person\/010edc1b8281c3668b2f0d8aa19fb2ec"},"headline":"Tsubaki amplia la presenza in Europa","datePublished":"2026-09-02T12:17:43+00:00","dateModified":"2026-09-02T12:18:55+00:00","mainEntityOfPage":{"@id":"https:\/\/www.xylon.it\/it\/2026\/09\/02\/tsubaki-amplia-la-presenza-in-europa\/"},"wordCount":423,"publisher":{"@id":"https:\/\/www.xylon.it\/it\/#organization"},"image":{"@id":"https:\/\/www.xylon.it\/it\/2026\/09\/02\/tsubaki-amplia-la-presenza-in-europa\/#primaryimage"},"thumbnailUrl":"https:\/\/www.xylon.it\/wp-content\/uploads\/2026\/09\/TSUBAKI-nuova-struttura-organizzativa-cmyk.jpg","articleSection":["Apertura"],"inLanguage":"it-IT"},{"@type":"WebPage","@id":"https:\/\/www.xylon.it\/it\/2026\/09\/02\/tsubaki-amplia-la-presenza-in-europa\/","url":"https:\/\/www.xylon.it\/it\/2026\/09\/02\/tsubaki-amplia-la-presenza-in-europa\/","name":"Tsubaki amplia la presenza in Europa - Xylon.it quotidiano online","isPartOf":{"@id":"https:\/\/www.xylon.it\/it\/#website"},"primaryImageOfPage":{"@id":"https:\/\/www.xylon.it\/it\/2026\/09\/02\/tsubaki-amplia-la-presenza-in-europa\/#primaryimage"},"image":{"@id":"https:\/\/www.xylon.it\/it\/2026\/09\/02\/tsubaki-amplia-la-presenza-in-europa\/#primaryimage"},"thumbnailUrl":"https:\/\/www.xylon.it\/wp-content\/uploads\/2026\/09\/TSUBAKI-nuova-struttura-organizzativa-cmyk.jpg","datePublished":"2026-09-02T12:17:43+00:00","dateModified":"2026-09-02T12:18:55+00:00","breadcrumb":{"@id":"https:\/\/www.xylon.it\/it\/2026\/09\/02\/tsubaki-amplia-la-presenza-in-europa\/#breadcrumb"},"inLanguage":"it-IT","potentialAction":[{"@type":"ReadAction","target":["https:\/\/www.xylon.it\/it\/2026\/09\/02\/tsubaki-amplia-la-presenza-in-europa\/"]}]},{"@type":"ImageObject","inLanguage":"it-IT","@id":"https:\/\/www.xylon.it\/it\/2026\/09\/02\/tsubaki-amplia-la-presenza-in-europa\/#primaryimage","url":"https:\/\/www.xylon.it\/wp-content\/uploads\/2026\/09\/TSUBAKI-nuova-struttura-organizzativa-cmyk.jpg","contentUrl":"https:\/\/www.xylon.it\/wp-content\/uploads\/2026\/09\/TSUBAKI-nuova-struttura-organizzativa-cmyk.jpg","width":800,"height":532},{"@type":"BreadcrumbList","@id":"https:\/\/www.xylon.it\/it\/2026\/09\/02\/tsubaki-amplia-la-presenza-in-europa\/#breadcrumb","itemListElement":[{"@type":"ListItem","position":1,"name":"Home","item":"https:\/\/www.xylon.it\/it\/"},{"@type":"ListItem","position":2,"name":"Tsubaki amplia la presenza in Europa"}]},{"@type":"WebSite","@id":"https:\/\/www.xylon.it\/it\/#website","url":"https:\/\/www.xylon.it\/it\/","name":"Xylon.it quotidiano online","description":"Il quotidiano online del settore","publisher":{"@id":"https:\/\/www.xylon.it\/it\/#organization"},"potentialAction":[{"@type":"SearchAction","target":{"@type":"EntryPoint","urlTemplate":"https:\/\/www.xylon.it\/it\/?s={search_term_string}"},"query-input":{"@type":"PropertyValueSpecification","valueRequired":true,"valueName":"search_term_string"}}],"inLanguage":"it-IT"},{"@type":"Organization","@id":"https:\/\/www.xylon.it\/it\/#organization","name":"Xylon.it quotidiano online","url":"https:\/\/www.xylon.it\/it\/","logo":{"@type":"ImageObject","inLanguage":"it-IT","@id":"https:\/\/www.xylon.it\/it\/#\/schema\/logo\/image\/","url":"","contentUrl":"","caption":"Xylon.it quotidiano online"},"image":{"@id":"https:\/\/www.xylon.it\/it\/#\/schema\/logo\/image\/"},"sameAs":["https:\/\/www.facebook.com\/XylonInternational"]},{"@type":"Person","@id":"https:\/\/www.xylon.it\/it\/#\/schema\/person\/010edc1b8281c3668b2f0d8aa19fb2ec","name":"Francesco Inverso","url":"https:\/\/www.xylon.it\/it\/author\/francesco\/"}]}},"_links":{"self":[{"href":"https:\/\/www.xylon.it\/it\/wp-json\/wp\/v2\/posts\/29058","targetHints":{"allow":["GET"]}}],"collection":[{"href":"https:\/\/www.xylon.it\/it\/wp-json\/wp\/v2\/posts"}],"about":[{"href":"https:\/\/www.xylon.it\/it\/wp-json\/wp\/v2\/types\/post"}],"author":[{"embeddable":true,"href":"https:\/\/www.xylon.it\/it\/wp-json\/wp\/v2\/users\/5"}],"replies":[{"embeddable":true,"href":"https:\/\/www.xylon.it\/it\/wp-json\/wp\/v2\/comments?post=29058"}],"version-history":[{"count":1,"href":"https:\/\/www.xylon.it\/it\/wp-json\/wp\/v2\/posts\/29058\/revisions"}],"predecessor-version":[{"id":29070,"href":"https:\/\/www.xylon.it\/it\/wp-json\/wp\/v2\/posts\/29058\/revisions\/29070"}],"wp:featuredmedia":[{"embeddable":true,"href":"https:\/\/www.xylon.it\/it\/wp-json\/wp\/v2\/media\/29068"}],"wp:attachment":[{"href":"https:\/\/www.xylon.it\/it\/wp-json\/wp\/v2\/media?parent=29058"}],"wp:term":[{"taxonomy":"category","embeddable":true,"href":"https:\/\/www.xylon.it\/it\/wp-json\/wp\/v2\/categories?post=29058"},{"taxonomy":"post_tag","embeddable":true,"href":"https:\/\/www.xylon.it\/it\/wp-json\/wp\/v2\/tags?post=29058"}],"curies":[{"name":"wp","href":"https:\/\/api.w.org\/{rel}","templated":true}]}}