{"id":4249,"date":"2022-03-22T12:18:43","date_gmt":"2022-03-22T11:18:43","guid":{"rendered":"https:\/\/www.xylon.it\/2022\/03\/22\/scm-e-ferre-levigare-e-arredare-con-stile\/"},"modified":"2025-03-10T09:28:01","modified_gmt":"2025-03-10T08:28:01","slug":"scm-e-ferre-levigare-e-arredare-con-stile","status":"publish","type":"post","link":"https:\/\/www.xylon.it\/it\/2022\/03\/22\/scm-e-ferre-levigare-e-arredare-con-stile\/","title":{"rendered":"Scm e Ferr\u00e8: levigare e arredare con stile"},"content":{"rendered":"<h3>L\u2019azienda valtellinese, specializzata nella realizzazione di ambienti e arredi personalizzati e di alta qualit\u00e0, ha scelto una \u201cdmc eurosystem\u201d di SCM per ottimizzare i suoi processi di levigatura su superfici sia grezze che verniciate.<\/h3>\n<p style=\"text-align: justify;\">Ci sono aziende che sanno ben coniugare artigianato e innovazione. Attivit\u00e0, spesso di natura famigliare, che con il tempo, di generazione in generazione, hanno saputo cogliere le maggiori opportunit\u00e0 provenienti dal mercato e trasformarsi di conseguenza, \u201cdirottando\u201d la propria produzione verso nuovi orizzonti.<\/p>\n<p style=\"text-align: justify;\"><strong>Arredamenti Ferr\u00e8 <\/strong>\u00e8 una di queste realt\u00e0. Nata nel 1960, in provincia di Sondrio, come piccola bottega artigiana di falegnameria specializzata principalmente nella produzione di serramenti, questa azienda valtellinese \u00e8 cresciuta negli anni e, con il passaggio alla seconda generazione, ha scelto di allargare la propria produzione dedicandosi anche alla realizzazione di arredi personalizzati e di alta qualit\u00e0.<\/p>\n<p style=\"text-align: justify;\"><img decoding=\"async\" loading=\"lazy\" class=\"aligncenter size-full wp-image-4293\" src=\"https:\/\/www.xylon.it\/wp-content\/uploads\/2022\/03\/Scm-Ferre\u0300-2.jpg\" alt=\"\" width=\"800\" height=\"600\" srcset=\"https:\/\/www.xylon.it\/wp-content\/uploads\/2022\/03\/Scm-Ferre\u0300-2.jpg 800w, https:\/\/www.xylon.it\/wp-content\/uploads\/2022\/03\/Scm-Ferre\u0300-2-300x225.jpg 300w, https:\/\/www.xylon.it\/wp-content\/uploads\/2022\/03\/Scm-Ferre\u0300-2-768x576.jpg 768w, https:\/\/www.xylon.it\/wp-content\/uploads\/2022\/03\/Scm-Ferre\u0300-2-600x450.jpg 600w, https:\/\/www.xylon.it\/wp-content\/uploads\/2022\/03\/Scm-Ferre\u0300-2-500x375.jpg 500w\" sizes=\"auto, (max-width: 800px) 100vw, 800px\" \/><\/p>\n<p style=\"text-align: justify;\">\u201c<em>Tutto \u00e8 iniziato grazie a nostro padre Renzo che dopo aver svolto alcune esperienze di tirocinio come apprendista mobiliere presso aziende del territorio, scelse di aprire una propria attivit\u00e0 come serramentista<\/em>\u201d raccontano <strong>Sergio<\/strong> e <strong>Gabriela Ferr\u00e8. <br \/>\n<\/strong>Fortemente appassionato del mondo della falegnameria e sempre pi\u00f9 convinto della strada intrapresa, Renzo decise gi\u00e0 dopo qualche anno di trasferirsi in un laboratorio pi\u00f9 ampio, nella vicina Rogolo, per produrre serramenti e mobili su misura. Tuttavia, l\u2019attivit\u00e0 continu\u00f2 a crescere e anche questa sede si rivel\u00f2 presto troppo piccola. Cos\u00ec, qualche anno pi\u00f9 tardi arriv\u00f2 anche il trasloco nell\u2019attuale stabilimento di <strong>Cosio Valtellino<\/strong> e fu qui che, con la collaborazione dei figli, Renzo pot\u00e9 ampliare ulteriormente la sua impresa e trasformarla in quello che \u00e8 oggi: un\u2019azienda capace di distinguersi per la particolarit\u00e0 e qualit\u00e0 dei suoi prodotti.<\/p>\n<p style=\"text-align: justify;\">Una crescita che, come affermano Sergio e Gabriela Ferr\u00e8, \u00e8 avvenuta quasi naturalmente, di pari passo con l\u2019evoluzione dei gusti dei clienti e delle tendenze del mercato. La ricerca di un <a href=\"http:\/\/www.arredamentiferre.it\"><strong>prodotto unico<\/strong><\/a> e di alta valenza estetica \u00e8 il fattore chiave che pi\u00f9 ha guidato, negli anni, il percorso della famiglia Ferr\u00e8.\u00a0<\/p>\n<p style=\"text-align: justify;\"><strong>Progetti completi e arredi di stile <br \/>\n<\/strong>Arredamenti Ferr\u00e8 \u00e8 specializzata in progetti di <strong>ambienti completi e altamente personalizzati<\/strong>, principalmente per il mercato residenziale. Idee che possono arrivare tanto dal privato quanto dall\u2019architetto e che Ferr\u00e8 disegna, trasforma, realizza sempre a stretto contatto con il committente, dall\u2019ufficio tecnico al reparto produttivo. La produzione comprende cucine, soggiorni, stanze da letto, armadi, bagni e complementi d\u2019arredo, fino ad includere i serramenti che devono essere perfettamente integrati con l\u2019<em>interior design<\/em> del singolo ambiente. Le realizzazioni spaziano dall\u2019appartamento pi\u00f9 classico a quello moderno, dalla villa in citt\u00e0 allo chalet di montagna. Non mancano le richieste dall\u2019estero e da localit\u00e0 turistiche di pregio come Saint Moritz e Montecarlo, per abitazioni, negozi o uffici, perch\u00e9 per un\u2019azienda che sa distinguersi \u00e8 naturale che anche il passaparola tra privati e progettisti si intensifichi.<br \/>\nI gusti dei clienti sono profondamente cambiati negli anni, come ci racconta Gabriela Ferr\u00e8: \u201c<em>Tra le tendenze che oggi vanno per la maggiore c\u2019\u00e8 sicuramente l\u2019abbinamento del legno con altri materiali (soprattutto vetro e metallo) e tessuti. Se il legno a vista \u00e8 una caratteristica costante degli arredamenti di baite e taverne in montagna, si nota invece una spiccata predilezione per il mobile laccato in altri territori turistici, come Montecarlo<\/em>\u201d.<\/p>\n<p style=\"text-align: justify;\"><img decoding=\"async\" loading=\"lazy\" class=\"aligncenter size-full wp-image-4300\" src=\"https:\/\/www.xylon.it\/wp-content\/uploads\/2022\/03\/Scm-Ferre\u0300-1.jpg\" alt=\"\" width=\"800\" height=\"600\" srcset=\"https:\/\/www.xylon.it\/wp-content\/uploads\/2022\/03\/Scm-Ferre\u0300-1.jpg 800w, https:\/\/www.xylon.it\/wp-content\/uploads\/2022\/03\/Scm-Ferre\u0300-1-300x225.jpg 300w, https:\/\/www.xylon.it\/wp-content\/uploads\/2022\/03\/Scm-Ferre\u0300-1-768x576.jpg 768w, https:\/\/www.xylon.it\/wp-content\/uploads\/2022\/03\/Scm-Ferre\u0300-1-600x450.jpg 600w, https:\/\/www.xylon.it\/wp-content\/uploads\/2022\/03\/Scm-Ferre\u0300-1-500x375.jpg 500w\" sizes=\"auto, (max-width: 800px) 100vw, 800px\" \/><\/p>\n<p style=\"text-align: justify;\"><strong>Tecnologia in evoluzione<br \/>\n<\/strong>Aumento della produttivit\u00e0 e miglioramento della qualit\u00e0 di lavorazione sono le principali esigenze che hanno convinto Sergio Ferr\u00e8 a rinnovare i suoi macchinari.\u00a0 <br \/>\nLa sua falegnameria comprende attrezzature capaci di rispondere a <strong>ogni esigenza di lavorazione del legno<\/strong>, dalla sezionatura alla bordatura, dal centro di lavoro a controllo numerico alla pressatura e levigatura. E proprio in tema di levigatura Ferr\u00e8 si \u00e8 reso conto che era necessaria una svolta. \u201c<em>La nostra levigatrice, dopo ormai vent\u2019anni di attivit\u00e0, andava sostituita perch\u00e9 non ci consentiva pi\u00f9 di ottenere un prodotto in linea con le nuove sfide del mercato<\/em>\u201d. <br \/>\nDopo l\u2019incontro con il team commerciale di <a href=\"http:\/\/www.scmwood.com\"><strong>SCM<\/strong><\/a>, Sergio Ferr\u00e8 ha scelto, tra l\u2019ampia gamma offerta dal gruppo riminese per la levigatura e calibratura, una \u201c<strong>dmc eurosystem<\/strong>\u201d, un modello particolarmente apprezzato dal settore del legno\/arredo per la sua compattezza, versatilit\u00e0 e capacit\u00e0 di offrire eccellenti risultati di finitura su pannelli sia grezzi che verniciati.<\/p>\n<p style=\"text-align: justify;\">\u201c<em>Producendo arredi di alta qualit\u00e0, necessitavamo di una soluzione completa che fosse in grado di effettuare tutti i processi di calibratura e levigatura e garantire un ottimale trattamento delle superfici che devono essere perfettamente lisce ed omogenee, quindi prive di imperfezioni<\/em>\u201d sottolinea Ferr\u00e8.<br \/>\nLa \u201cdmc eurosystem\u201d scelta da Ferr\u00e8 si presenta come un vero <strong>centro di finitura<\/strong> per la quantit\u00e0 e qualit\u00e0 dei gruppi operatori (rullo calibratore, rullo levigatore, planetario, superfinitore e due gruppi spazzola dedicati alla lavorazione di superfici strutturate). Il <strong>gruppo planetario<\/strong>, in particolare, \u00e8 attrezzato con diverse tipologie di utensili cos\u00ec da soddisfare tutte le richieste di finitura provenienti dal mercato. \u00c8 possibile non solo ottenere superfici perfettamente pulite, levigate e lisce al tatto, ma anche esaltare le venature nel caso di superfici strutturate.<br \/>\nUn altro vantaggio apprezzato di \u201cdmc eurosystem\u201d \u00e8 la <strong>produttivit\u00e0<\/strong>: la macchina, infatti, \u00e8 attrezzata per effettuare finiture in un unico passaggio, ottimizzando cos\u00ec i tempi di lavorazione.<\/p>\n<p style=\"text-align: justify;\"><img decoding=\"async\" loading=\"lazy\" class=\"aligncenter size-full wp-image-4289\" src=\"https:\/\/www.xylon.it\/wp-content\/uploads\/2022\/03\/Scm-Ferre\u0300-4.jpg\" alt=\"\" width=\"800\" height=\"500\" srcset=\"https:\/\/www.xylon.it\/wp-content\/uploads\/2022\/03\/Scm-Ferre\u0300-4.jpg 800w, https:\/\/www.xylon.it\/wp-content\/uploads\/2022\/03\/Scm-Ferre\u0300-4-300x188.jpg 300w, https:\/\/www.xylon.it\/wp-content\/uploads\/2022\/03\/Scm-Ferre\u0300-4-768x480.jpg 768w, https:\/\/www.xylon.it\/wp-content\/uploads\/2022\/03\/Scm-Ferre\u0300-4-600x375.jpg 600w, https:\/\/www.xylon.it\/wp-content\/uploads\/2022\/03\/Scm-Ferre\u0300-4-500x313.jpg 500w\" sizes=\"auto, (max-width: 800px) 100vw, 800px\" \/><\/p>\n<p style=\"text-align: justify;\">In evidenza anche l\u2019utilizzo semplice ed intuitivo grazie al software \u201c<strong>Maestro prosand<\/strong>\u201d, al <strong>pannello di controllo<\/strong> e al <strong>visualizzatore digitale<\/strong> che rileva in <em>real time<\/em> la quota di lavoro rendendo la lettura del valore rapida e precisa. Il lavoro dell\u2019operatore diventa quindi ancora pi\u00f9 facile, veloce ed efficiente. \u00a0Tra i vantaggi, anche la possibilit\u00e0 di salvare i programmi di lavorazione, favorendo cos\u00ec la ripetibilit\u00e0 dei processi e risparmiando tempo prezioso nelle fasi di set-up.<br \/>\nCon la levigatrice di SCM Arredamenti Ferr\u00e8 ha iniziato a trasformare i suoi processi produttivi in chiave \u201c<strong>Industria 4.0<\/strong>\u201d , fattore determinante nel percorso di continua crescita che ha caratterizzato l\u2019azienda in tanti anni di attivit\u00e0.<\/p>\n<p style=\"text-align: justify;\">\u201c<em>Abbiamo scelto questa soluzione tecnologica di <a href=\"https:\/\/www.xylon.it\/it\/business-directory\/scm-group-spa-2\/\">SCM<\/a> sulla fiducia e oggi posso dire che le nostre aspettative sono state ampiamente soddisfatte<\/em>\u201d conclude Sergio Ferr\u00e8.<\/p>\n","protected":false},"excerpt":{"rendered":"<p>L\u2019azienda valtellinese, specializzata nella realizzazione di ambienti e arredi personalizzati e di alta qualit\u00e0, ha scelto una \u201cdmc eurosystem\u201d di SCM per ottimizzare i suoi processi di levigatura su superfici [&hellip;]<\/p>\n","protected":false},"author":5,"featured_media":4263,"comment_status":"closed","ping_status":"open","sticky":false,"template":"","format":"standard","meta":{"_acf_changed":false,"footnotes":""},"categories":[1],"tags":[],"class_list":["post-4249","post","type-post","status-publish","format-standard","has-post-thumbnail","hentry","category-notizie"],"acf":[],"yoast_head":"<!-- This site is optimized with the Yoast SEO plugin v27.2 - https:\/\/yoast.com\/product\/yoast-seo-wordpress\/ -->\n<title>Scm e Ferr\u00e8: levigare e arredare con stile - Xylon.it quotidiano online<\/title>\n<meta name=\"description\" content=\"L\u2019azienda valtellinese Ferr\u00e8 ha scelto una \u201cdmc eurosystem\u201d di SCM per ottimizzare i suoi processi di levigatura.\" \/>\n<meta name=\"robots\" content=\"index, follow, max-snippet:-1, max-image-preview:large, max-video-preview:-1\" \/>\n<link rel=\"canonical\" href=\"https:\/\/www.xylon.it\/it\/2022\/03\/22\/scm-e-ferre-levigare-e-arredare-con-stile\/\" \/>\n<meta property=\"og:locale\" content=\"it_IT\" \/>\n<meta property=\"og:type\" content=\"article\" \/>\n<meta property=\"og:title\" content=\"Scm e Ferr\u00e8: levigare e arredare con stile - Xylon.it quotidiano online\" \/>\n<meta property=\"og:description\" content=\"L\u2019azienda valtellinese Ferr\u00e8 ha scelto una \u201cdmc eurosystem\u201d di SCM per ottimizzare i suoi processi di levigatura.\" \/>\n<meta property=\"og:url\" content=\"https:\/\/www.xylon.it\/it\/2022\/03\/22\/scm-e-ferre-levigare-e-arredare-con-stile\/\" \/>\n<meta property=\"og:site_name\" content=\"Xylon.it quotidiano online\" \/>\n<meta property=\"article:publisher\" content=\"https:\/\/www.facebook.com\/XylonInternational\" \/>\n<meta property=\"article:published_time\" content=\"2022-03-22T11:18:43+00:00\" \/>\n<meta property=\"article:modified_time\" content=\"2025-03-10T08:28:01+00:00\" \/>\n<meta property=\"og:image\" content=\"https:\/\/www.xylon.it\/wp-content\/uploads\/2022\/03\/Scm-Ferre.jpg\" \/>\n\t<meta property=\"og:image:width\" content=\"1\" \/>\n\t<meta property=\"og:image:height\" content=\"1\" \/>\n\t<meta property=\"og:image:type\" content=\"image\/jpeg\" \/>\n<meta name=\"author\" content=\"Francesco Inverso\" \/>\n<meta name=\"twitter:card\" content=\"summary_large_image\" \/>\n<meta name=\"twitter:label1\" content=\"Scritto da\" \/>\n\t<meta name=\"twitter:data1\" content=\"Francesco Inverso\" \/>\n\t<meta name=\"twitter:label2\" content=\"Tempo di lettura stimato\" \/>\n\t<meta name=\"twitter:data2\" content=\"5 minuti\" \/>\n<script type=\"application\/ld+json\" class=\"yoast-schema-graph\">{\"@context\":\"https:\/\/schema.org\",\"@graph\":[{\"@type\":\"Article\",\"@id\":\"https:\/\/www.xylon.it\/it\/2022\/03\/22\/scm-e-ferre-levigare-e-arredare-con-stile\/#article\",\"isPartOf\":{\"@id\":\"https:\/\/www.xylon.it\/it\/2022\/03\/22\/scm-e-ferre-levigare-e-arredare-con-stile\/\"},\"author\":{\"name\":\"Francesco Inverso\",\"@id\":\"https:\/\/www.xylon.it\/it\/#\/schema\/person\/010edc1b8281c3668b2f0d8aa19fb2ec\"},\"headline\":\"Scm e Ferr\u00e8: levigare e arredare con stile\",\"datePublished\":\"2022-03-22T11:18:43+00:00\",\"dateModified\":\"2025-03-10T08:28:01+00:00\",\"mainEntityOfPage\":{\"@id\":\"https:\/\/www.xylon.it\/it\/2022\/03\/22\/scm-e-ferre-levigare-e-arredare-con-stile\/\"},\"wordCount\":981,\"publisher\":{\"@id\":\"https:\/\/www.xylon.it\/it\/#organization\"},\"image\":{\"@id\":\"https:\/\/www.xylon.it\/it\/2022\/03\/22\/scm-e-ferre-levigare-e-arredare-con-stile\/#primaryimage\"},\"thumbnailUrl\":\"https:\/\/www.xylon.it\/wp-content\/uploads\/2022\/03\/Scm-Ferre.jpg\",\"articleSection\":[\"Notizie\"],\"inLanguage\":\"it-IT\"},{\"@type\":\"WebPage\",\"@id\":\"https:\/\/www.xylon.it\/it\/2022\/03\/22\/scm-e-ferre-levigare-e-arredare-con-stile\/\",\"url\":\"https:\/\/www.xylon.it\/it\/2022\/03\/22\/scm-e-ferre-levigare-e-arredare-con-stile\/\",\"name\":\"Scm e Ferr\u00e8: levigare e arredare con stile - Xylon.it quotidiano online\",\"isPartOf\":{\"@id\":\"https:\/\/www.xylon.it\/it\/#website\"},\"primaryImageOfPage\":{\"@id\":\"https:\/\/www.xylon.it\/it\/2022\/03\/22\/scm-e-ferre-levigare-e-arredare-con-stile\/#primaryimage\"},\"image\":{\"@id\":\"https:\/\/www.xylon.it\/it\/2022\/03\/22\/scm-e-ferre-levigare-e-arredare-con-stile\/#primaryimage\"},\"thumbnailUrl\":\"https:\/\/www.xylon.it\/wp-content\/uploads\/2022\/03\/Scm-Ferre.jpg\",\"datePublished\":\"2022-03-22T11:18:43+00:00\",\"dateModified\":\"2025-03-10T08:28:01+00:00\",\"description\":\"L\u2019azienda valtellinese Ferr\u00e8 ha scelto una \u201cdmc eurosystem\u201d di SCM per ottimizzare i suoi processi di levigatura.\",\"breadcrumb\":{\"@id\":\"https:\/\/www.xylon.it\/it\/2022\/03\/22\/scm-e-ferre-levigare-e-arredare-con-stile\/#breadcrumb\"},\"inLanguage\":\"it-IT\",\"potentialAction\":[{\"@type\":\"ReadAction\",\"target\":[\"https:\/\/www.xylon.it\/it\/2022\/03\/22\/scm-e-ferre-levigare-e-arredare-con-stile\/\"]}]},{\"@type\":\"ImageObject\",\"inLanguage\":\"it-IT\",\"@id\":\"https:\/\/www.xylon.it\/it\/2022\/03\/22\/scm-e-ferre-levigare-e-arredare-con-stile\/#primaryimage\",\"url\":\"https:\/\/www.xylon.it\/wp-content\/uploads\/2022\/03\/Scm-Ferre.jpg\",\"contentUrl\":\"https:\/\/www.xylon.it\/wp-content\/uploads\/2022\/03\/Scm-Ferre.jpg\",\"width\":777,\"height\":437},{\"@type\":\"BreadcrumbList\",\"@id\":\"https:\/\/www.xylon.it\/it\/2022\/03\/22\/scm-e-ferre-levigare-e-arredare-con-stile\/#breadcrumb\",\"itemListElement\":[{\"@type\":\"ListItem\",\"position\":1,\"name\":\"Home\",\"item\":\"https:\/\/www.xylon.it\/it\/\"},{\"@type\":\"ListItem\",\"position\":2,\"name\":\"Scm e Ferr\u00e8: levigare e arredare con stile\"}]},{\"@type\":\"WebSite\",\"@id\":\"https:\/\/www.xylon.it\/it\/#website\",\"url\":\"https:\/\/www.xylon.it\/it\/\",\"name\":\"Xylon.it quotidiano online\",\"description\":\"Il quotidiano online del settore\",\"publisher\":{\"@id\":\"https:\/\/www.xylon.it\/it\/#organization\"},\"potentialAction\":[{\"@type\":\"SearchAction\",\"target\":{\"@type\":\"EntryPoint\",\"urlTemplate\":\"https:\/\/www.xylon.it\/it\/?s={search_term_string}\"},\"query-input\":{\"@type\":\"PropertyValueSpecification\",\"valueRequired\":true,\"valueName\":\"search_term_string\"}}],\"inLanguage\":\"it-IT\"},{\"@type\":\"Organization\",\"@id\":\"https:\/\/www.xylon.it\/it\/#organization\",\"name\":\"Xylon.it quotidiano online\",\"url\":\"https:\/\/www.xylon.it\/it\/\",\"logo\":{\"@type\":\"ImageObject\",\"inLanguage\":\"it-IT\",\"@id\":\"https:\/\/www.xylon.it\/it\/#\/schema\/logo\/image\/\",\"url\":\"\",\"contentUrl\":\"\",\"caption\":\"Xylon.it quotidiano online\"},\"image\":{\"@id\":\"https:\/\/www.xylon.it\/it\/#\/schema\/logo\/image\/\"},\"sameAs\":[\"https:\/\/www.facebook.com\/XylonInternational\"]},{\"@type\":\"Person\",\"@id\":\"https:\/\/www.xylon.it\/it\/#\/schema\/person\/010edc1b8281c3668b2f0d8aa19fb2ec\",\"name\":\"Francesco Inverso\",\"url\":\"https:\/\/www.xylon.it\/it\/author\/francesco\/\"}]}<\/script>\n<!-- \/ Yoast SEO plugin. -->","yoast_head_json":{"title":"Scm e Ferr\u00e8: levigare e arredare con stile - Xylon.it quotidiano online","description":"L\u2019azienda valtellinese Ferr\u00e8 ha scelto una \u201cdmc eurosystem\u201d di SCM per ottimizzare i suoi processi di levigatura.","robots":{"index":"index","follow":"follow","max-snippet":"max-snippet:-1","max-image-preview":"max-image-preview:large","max-video-preview":"max-video-preview:-1"},"canonical":"https:\/\/www.xylon.it\/it\/2022\/03\/22\/scm-e-ferre-levigare-e-arredare-con-stile\/","og_locale":"it_IT","og_type":"article","og_title":"Scm e Ferr\u00e8: levigare e arredare con stile - Xylon.it quotidiano online","og_description":"L\u2019azienda valtellinese Ferr\u00e8 ha scelto una \u201cdmc eurosystem\u201d di SCM per ottimizzare i suoi processi di levigatura.","og_url":"https:\/\/www.xylon.it\/it\/2022\/03\/22\/scm-e-ferre-levigare-e-arredare-con-stile\/","og_site_name":"Xylon.it quotidiano online","article_publisher":"https:\/\/www.facebook.com\/XylonInternational","article_published_time":"2022-03-22T11:18:43+00:00","article_modified_time":"2025-03-10T08:28:01+00:00","og_image":[{"url":"https:\/\/www.xylon.it\/wp-content\/uploads\/2022\/03\/Scm-Ferre.jpg","width":1,"height":1,"type":"image\/jpeg"}],"author":"Francesco Inverso","twitter_card":"summary_large_image","twitter_misc":{"Scritto da":"Francesco Inverso","Tempo di lettura stimato":"5 minuti"},"schema":{"@context":"https:\/\/schema.org","@graph":[{"@type":"Article","@id":"https:\/\/www.xylon.it\/it\/2022\/03\/22\/scm-e-ferre-levigare-e-arredare-con-stile\/#article","isPartOf":{"@id":"https:\/\/www.xylon.it\/it\/2022\/03\/22\/scm-e-ferre-levigare-e-arredare-con-stile\/"},"author":{"name":"Francesco Inverso","@id":"https:\/\/www.xylon.it\/it\/#\/schema\/person\/010edc1b8281c3668b2f0d8aa19fb2ec"},"headline":"Scm e Ferr\u00e8: levigare e arredare con stile","datePublished":"2022-03-22T11:18:43+00:00","dateModified":"2025-03-10T08:28:01+00:00","mainEntityOfPage":{"@id":"https:\/\/www.xylon.it\/it\/2022\/03\/22\/scm-e-ferre-levigare-e-arredare-con-stile\/"},"wordCount":981,"publisher":{"@id":"https:\/\/www.xylon.it\/it\/#organization"},"image":{"@id":"https:\/\/www.xylon.it\/it\/2022\/03\/22\/scm-e-ferre-levigare-e-arredare-con-stile\/#primaryimage"},"thumbnailUrl":"https:\/\/www.xylon.it\/wp-content\/uploads\/2022\/03\/Scm-Ferre.jpg","articleSection":["Notizie"],"inLanguage":"it-IT"},{"@type":"WebPage","@id":"https:\/\/www.xylon.it\/it\/2022\/03\/22\/scm-e-ferre-levigare-e-arredare-con-stile\/","url":"https:\/\/www.xylon.it\/it\/2022\/03\/22\/scm-e-ferre-levigare-e-arredare-con-stile\/","name":"Scm e Ferr\u00e8: levigare e arredare con stile - Xylon.it quotidiano online","isPartOf":{"@id":"https:\/\/www.xylon.it\/it\/#website"},"primaryImageOfPage":{"@id":"https:\/\/www.xylon.it\/it\/2022\/03\/22\/scm-e-ferre-levigare-e-arredare-con-stile\/#primaryimage"},"image":{"@id":"https:\/\/www.xylon.it\/it\/2022\/03\/22\/scm-e-ferre-levigare-e-arredare-con-stile\/#primaryimage"},"thumbnailUrl":"https:\/\/www.xylon.it\/wp-content\/uploads\/2022\/03\/Scm-Ferre.jpg","datePublished":"2022-03-22T11:18:43+00:00","dateModified":"2025-03-10T08:28:01+00:00","description":"L\u2019azienda valtellinese Ferr\u00e8 ha scelto una \u201cdmc eurosystem\u201d di SCM per ottimizzare i suoi processi di levigatura.","breadcrumb":{"@id":"https:\/\/www.xylon.it\/it\/2022\/03\/22\/scm-e-ferre-levigare-e-arredare-con-stile\/#breadcrumb"},"inLanguage":"it-IT","potentialAction":[{"@type":"ReadAction","target":["https:\/\/www.xylon.it\/it\/2022\/03\/22\/scm-e-ferre-levigare-e-arredare-con-stile\/"]}]},{"@type":"ImageObject","inLanguage":"it-IT","@id":"https:\/\/www.xylon.it\/it\/2022\/03\/22\/scm-e-ferre-levigare-e-arredare-con-stile\/#primaryimage","url":"https:\/\/www.xylon.it\/wp-content\/uploads\/2022\/03\/Scm-Ferre.jpg","contentUrl":"https:\/\/www.xylon.it\/wp-content\/uploads\/2022\/03\/Scm-Ferre.jpg","width":777,"height":437},{"@type":"BreadcrumbList","@id":"https:\/\/www.xylon.it\/it\/2022\/03\/22\/scm-e-ferre-levigare-e-arredare-con-stile\/#breadcrumb","itemListElement":[{"@type":"ListItem","position":1,"name":"Home","item":"https:\/\/www.xylon.it\/it\/"},{"@type":"ListItem","position":2,"name":"Scm e Ferr\u00e8: levigare e arredare con stile"}]},{"@type":"WebSite","@id":"https:\/\/www.xylon.it\/it\/#website","url":"https:\/\/www.xylon.it\/it\/","name":"Xylon.it quotidiano online","description":"Il quotidiano online del settore","publisher":{"@id":"https:\/\/www.xylon.it\/it\/#organization"},"potentialAction":[{"@type":"SearchAction","target":{"@type":"EntryPoint","urlTemplate":"https:\/\/www.xylon.it\/it\/?s={search_term_string}"},"query-input":{"@type":"PropertyValueSpecification","valueRequired":true,"valueName":"search_term_string"}}],"inLanguage":"it-IT"},{"@type":"Organization","@id":"https:\/\/www.xylon.it\/it\/#organization","name":"Xylon.it quotidiano online","url":"https:\/\/www.xylon.it\/it\/","logo":{"@type":"ImageObject","inLanguage":"it-IT","@id":"https:\/\/www.xylon.it\/it\/#\/schema\/logo\/image\/","url":"","contentUrl":"","caption":"Xylon.it quotidiano online"},"image":{"@id":"https:\/\/www.xylon.it\/it\/#\/schema\/logo\/image\/"},"sameAs":["https:\/\/www.facebook.com\/XylonInternational"]},{"@type":"Person","@id":"https:\/\/www.xylon.it\/it\/#\/schema\/person\/010edc1b8281c3668b2f0d8aa19fb2ec","name":"Francesco Inverso","url":"https:\/\/www.xylon.it\/it\/author\/francesco\/"}]}},"_links":{"self":[{"href":"https:\/\/www.xylon.it\/it\/wp-json\/wp\/v2\/posts\/4249","targetHints":{"allow":["GET"]}}],"collection":[{"href":"https:\/\/www.xylon.it\/it\/wp-json\/wp\/v2\/posts"}],"about":[{"href":"https:\/\/www.xylon.it\/it\/wp-json\/wp\/v2\/types\/post"}],"author":[{"embeddable":true,"href":"https:\/\/www.xylon.it\/it\/wp-json\/wp\/v2\/users\/5"}],"replies":[{"embeddable":true,"href":"https:\/\/www.xylon.it\/it\/wp-json\/wp\/v2\/comments?post=4249"}],"version-history":[{"count":1,"href":"https:\/\/www.xylon.it\/it\/wp-json\/wp\/v2\/posts\/4249\/revisions"}],"predecessor-version":[{"id":4302,"href":"https:\/\/www.xylon.it\/it\/wp-json\/wp\/v2\/posts\/4249\/revisions\/4302"}],"wp:featuredmedia":[{"embeddable":true,"href":"https:\/\/www.xylon.it\/it\/wp-json\/wp\/v2\/media\/4263"}],"wp:attachment":[{"href":"https:\/\/www.xylon.it\/it\/wp-json\/wp\/v2\/media?parent=4249"}],"wp:term":[{"taxonomy":"category","embeddable":true,"href":"https:\/\/www.xylon.it\/it\/wp-json\/wp\/v2\/categories?post=4249"},{"taxonomy":"post_tag","embeddable":true,"href":"https:\/\/www.xylon.it\/it\/wp-json\/wp\/v2\/tags?post=4249"}],"curies":[{"name":"wp","href":"https:\/\/api.w.org\/{rel}","templated":true}]}}